{"id":328,"date":"2025-04-09T12:42:31","date_gmt":"2025-04-09T10:42:31","guid":{"rendered":"http:\/\/www.ecolenaturerecherche.org\/?p=328"},"modified":"2025-04-09T12:47:15","modified_gmt":"2025-04-09T10:47:15","slug":"participation-de-la-presidente-de-lenr-au-seminaire-doctoral-de-lecole-des-arts-de-la-sorbonne","status":"publish","type":"post","link":"http:\/\/www.ecolenaturerecherche.org\/?p=328","title":{"rendered":"Participation de la pr\u00e9sidente de l&#8217;ENR au s\u00e9minaire doctoral de l\u2019\u00c9cole des Arts de la Sorbonne"},"content":{"rendered":"<h2><strong>Art, Mondialit\u00e9 et Environnement,<\/strong><\/h2>\n<h2><strong>S\u00e9minaires doctoraux organis\u00e9s par la Pr. Marion Laval-Jeantet<\/strong><\/h2>\n<p>Les s\u00e9minaires doctoraux \u00ab Art, mondialit\u00e9 et environnement \u00bb visent \u00e0 aborder des th\u00e9matiques actuelles li\u00e9es \u00e0 la repr\u00e9sentation et aux interventions de l\u2019homme sur le Vivant. Les probl\u00e9matiques, autant directement artistiques que th\u00e9oriques, qui y sont abord\u00e9es tournent autour de trois ouvertures m\u00e9thodologiques majeures : l\u2019\u00e9cologie, les sciences de la vie et l\u2019anthropologie. La question \u00e9cologique est pens\u00e9e au sens large, dans une perspective allant de l\u2019\u00e9cologie sociale et politique au traitement du territoire, de l\u2019art citoyen \u00e0 l\u2019art in-situ, \u00e0 l\u2019animalit\u00e9, \u00e0 l\u2019\u00e9thique environnementale, etc. Les questions de repr\u00e9sentation du Vivant se penchent sur les nouvelles repr\u00e9sentations de l\u2019\u00e9cologie naturelle et sociale \u00e0 travers les objets technologiques contemporains, mais aussi gr\u00e2ce \u00e0 l\u2019\u00e9pist\u00e9mologie \u00e9volutive des mondes complexes, allant du naturalisme traditionnel aux perspectives ouvertes par l\u2019intelligence artificielle, l\u2019\u00e8re num\u00e9rique et les biotechnologies. Enfin, un angle m\u00e9thodologique li\u00e9 \u00e0 l\u2019analyse anthropologique des images et des objets artistiques est questionn\u00e9, afin d\u2019envisager le monde dans sa globalit\u00e9 contemporaine, de la mondialisation, \u00e0 la question des genres, des impr\u00e9gnations culturelles, \u00e0 l\u2019exp\u00e9rience de l\u2019alt\u00e9rit\u00e9.<\/p>\n<p>3 s\u00e9minaires propos\u00e9s :<br \/>\n<strong>Le lundi 28 avril 2025, salle 432, 10-13h<\/strong><br \/>\nAnimalit\u00e9 et soci\u00e9t\u00e9s humaines, avanc\u00e9es sur le zoofuturisme dialogue avec Yi Zhang et la Dr Egle Barone-Visigalli (historienne et sociologue de l\u2019animalit\u00e9) ;<\/p>\n<p><strong>Le mardi 29 avril 2025, salle 432, 17-20h<\/strong><br \/>\nNouvelles questions sur l\u2019anthropologie du quotidien avec Estelle Dupuis.<br \/>\nDe l\u2019anthropologie participative dans le cadre de la cr\u00e9ation : dialogue avec Florence Galmiche (MCF HDR anthropologue des religions) et Jieun Park.<\/p>\n<p><strong>Le lundi 26 mai 2025, salle 432, 17-20h<\/strong><br \/>\nDe la repr\u00e9sentation technologique de la nature : contraintes et inventivit\u00e9, dialogue avec Ellis Laurens, Seunghwan Lee et Florian Schonerstedt.<\/p>\n","protected":false},"excerpt":{"rendered":"<p>Art, Mondialit\u00e9 et Environnement, S\u00e9minaires doctoraux organis\u00e9s par la Pr. Marion Laval-Jeantet Les s\u00e9minaires doctoraux \u00ab Art, mondialit\u00e9 et environnement \u00bb visent \u00e0 aborder des th\u00e9matiques actuelles li\u00e9es \u00e0 la repr\u00e9sentation et aux interventions de l\u2019homme sur le Vivant. Les probl\u00e9matiques, autant directement artistiques que th\u00e9oriques, qui y sont abord\u00e9es tournent autour de trois ouvertures [&hellip;]<\/p>\n","protected":false},"author":2,"featured_media":0,"comment_status":"closed","ping_status":"closed","sticky":false,"template":"","format":"standard","meta":{"_bbp_topic_count":0,"_bbp_reply_count":0,"_bbp_total_topic_count":0,"_bbp_total_reply_count":0,"_bbp_voice_count":0,"_bbp_anonymous_reply_count":0,"_bbp_topic_count_hidden":0,"_bbp_reply_count_hidden":0,"_bbp_forum_subforum_count":0},"categories":[5,14],"tags":[],"_links":{"self":[{"href":"http:\/\/www.ecolenaturerecherche.org\/index.php?rest_route=\/wp\/v2\/posts\/328"}],"collection":[{"href":"http:\/\/www.ecolenaturerecherche.org\/index.php?rest_route=\/wp\/v2\/posts"}],"about":[{"href":"http:\/\/www.ecolenaturerecherche.org\/index.php?rest_route=\/wp\/v2\/types\/post"}],"author":[{"embeddable":true,"href":"http:\/\/www.ecolenaturerecherche.org\/index.php?rest_route=\/wp\/v2\/users\/2"}],"replies":[{"embeddable":true,"href":"http:\/\/www.ecolenaturerecherche.org\/index.php?rest_route=%2Fwp%2Fv2%2Fcomments&post=328"}],"version-history":[{"count":2,"href":"http:\/\/www.ecolenaturerecherche.org\/index.php?rest_route=\/wp\/v2\/posts\/328\/revisions"}],"predecessor-version":[{"id":330,"href":"http:\/\/www.ecolenaturerecherche.org\/index.php?rest_route=\/wp\/v2\/posts\/328\/revisions\/330"}],"wp:attachment":[{"href":"http:\/\/www.ecolenaturerecherche.org\/index.php?rest_route=%2Fwp%2Fv2%2Fmedia&parent=328"}],"wp:term":[{"taxonomy":"category","embeddable":true,"href":"http:\/\/www.ecolenaturerecherche.org\/index.php?rest_route=%2Fwp%2Fv2%2Fcategories&post=328"},{"taxonomy":"post_tag","embeddable":true,"href":"http:\/\/www.ecolenaturerecherche.org\/index.php?rest_route=%2Fwp%2Fv2%2Ftags&post=328"}],"curies":[{"name":"wp","href":"https:\/\/api.w.org\/{rel}","templated":true}]}}